{"id":3452793,"date":"2007-12-16T20:08:46","date_gmt":"2007-12-16T20:08:46","guid":{"rendered":"http:\/\/tino-in-joburg.tonyblog.de\/?p=3452793"},"modified":"2007-12-16T20:08:46","modified_gmt":"2007-12-16T20:08:46","slug":"jetzt_wird_s_ernst3452793","status":"publish","type":"post","link":"https:\/\/tino-in-joburg.tonyblog.de\/?p=3452793","title":{"rendered":"Jetzt wird&#8217;s ernst!!!"},"content":{"rendered":"<p>Der 16. Dezember ist Feiertag in Johannesburg. Urspr\u00fcnglich als Gedenktag eingef\u00fchrt, um an die siegreiche Schlacht der Buren gegen die Zulus am Blood River zu erinnern, wurde er nach der politischen Wende als Gedenktag ausgerufen, an dem der ANC seinen Kampf gegen die Apartheid startete. Wahrscheinlich wird dieser Tag aber demn\u00e4chst auch in die Geschichte S\u00fcdafrikas eingehen, an dem ein entscheidender Parteitag des ANC begann. Warum?<\/p>\n<p>Die gr\u00f6\u00dfte Macht in S\u00fcdafrika besitzt der Pr\u00e4sident. Dieser wird vom Parlament f\u00fcr f\u00fcnf Jahre gew\u00e4hlt und darf nur einmal wiedergew\u00e4hlt werden. Gegenw\u00e4rtiger Pr\u00e4sident ist Thabo Mbeki, welcher seit neun Jahren das Land regiert. Obwohl S\u00fcdafrika ein Mehrparteiensystem aufweist, wird das Parlament vom ANC dominiert (gegenw\u00e4rtig 60 Prozent). Das hei\u00dft also, dass der n\u00e4chste Pr\u00e4sident ebenfalls vom ANC gestellt wird.<\/p>\n<p>Auf dem am Sonntag beginnenden Parteitag des ANC wird ein neuer Parteivorsitzender gew\u00e4hlt. Zur Wahl stehen der Amtsinhaber Thabo Mbeki und der gegenw\u00e4rtige Vizevorsitzende und Intimfeind Mbekis Jacob Zuma. Sollte Thabo Mbeki Vorsitzender bleiben, k\u00f6nnte er zwar nicht als Kanditat f\u00fcr die n\u00e4chste Pr\u00e4sidentenwahl aufgestellt werden, jedoch k\u00f6nnte er erheblich Einfluss aus\u00fcben. Mbeki ist aber in der Bev\u00f6lkerung und auch bei seinen eigenen Parteianh\u00e4ngern \u00e4u\u00dferst unbeliebt. Das liegt vor allem an seinem pers\u00f6nlichem Auftreten. Von au\u00dfen betrachtet wirkt er stillschweigend und unscheinbar. Sein Machtwillen sieht aber anders aus. Kurz nach seiner Wiederwahl entfernte er die Personen aus seinem Kabinett, die ihm gef\u00e4hrlich werden k\u00f6nnten, und besetzte diese Stellen mit unf\u00e4higen Ja-Sagern. So sieht die gegenw\u00e4rtige Gesundheitsministerin rote Beete als gutes Medikament gegen HIV. In einem Land, wo 5,2 Millionen Menschen an AIDS erkrankt sind, ist dies nicht gerade hilfreich. Auch die Kriminalit\u00e4t konnte Mbeki in den letzten Jahren nicht bek\u00e4mpfen. Was aber am schlimmsten wiegt ist, dass das Wirtschaftswachstum in S\u00fcdafrika an den Armen vorbeigeht. Dies betrifft vor allem die Townships, die die Basis des ANC stellen.<\/p>\n<p>Mbekis Gegenkanditat ist aber auch nicht viel besser. Er soll in verschiedene Korruptionsaff\u00e4ren verwickelt sein und hat einen Vergewaltigungsprozess hinter sich. In diesem soll er die die HIV infizierte Tochter eines Freundes vergewaltigt haben. Das Schlimme an dem Prozess aber war die Antwort Zumas auf die Frage des Richters, warum er denn kein Kondom verwendet h\u00e4tte. Darauf meinte er n\u00e4mlich, dass dies nicht notwendig gewesen sei, da er ja anschlie\u00dfend geduscht habe. Trotzdem taten ihm diese Prozesse keinen Abbruch. Sein Ansehen in der Bev\u00f6lkerung stieg. Auf dem ANC Parteitag gilt er als klarer Favorit. Sechzig Prozent der Deligierten k\u00f6nnten ihm ihre Stimme geben. Trotzdem ist das Rennen f\u00fcr Mbeki noch nicht gelaufen. Auf dem Parteitag wird gedroht, geschmiert und gekl\u00fcngelt, so dass immer noch Mbeki als Sieger das Terrain verlassen kann.<\/p>\n<p>Was einen momentan aber \u00e4u\u00dferst beunruhigt, ist der Verlauf des Parteitages. Beide Lager sind mittlerweile so verfeindet, dass die Reden des jeweils anderen Lagers extrem gest\u00f6rt werden. Ich m\u00f6chte nichts an die Wand malen, aber ich kann mir momentan nicht vorstellen, dass wenn das eine Lager gewinnt, dass andere Lager sich ruhig verh\u00e4lt. Man darf also gespannt sein. <\/p>\n","protected":false},"excerpt":{"rendered":"<p>Der 16. Dezember ist Feiertag in Johannesburg. Urspr\u00fcnglich als Gedenktag eingef\u00fchrt, um an die siegreiche Schlacht der Buren gegen die Zulus am Blood River zu erinnern, wurde er nach der politischen Wende als Gedenktag ausgerufen, an dem der ANC seinen Kampf gegen die Apartheid startete. Wahrscheinlich wird dieser Tag aber demn\u00e4chst auch in die Geschichte S\u00fcdafrikas eingehen, an dem ein<\/p>\n","protected":false},"author":1,"featured_media":0,"comment_status":"open","ping_status":"open","sticky":false,"template":"","format":"standard","meta":{"footnotes":""},"categories":[1],"tags":[],"class_list":["post-3452793","post","type-post","status-publish","format-standard","hentry","category-uncategorized"],"_links":{"self":[{"href":"https:\/\/tino-in-joburg.tonyblog.de\/index.php?rest_route=\/wp\/v2\/posts\/3452793","targetHints":{"allow":["GET"]}}],"collection":[{"href":"https:\/\/tino-in-joburg.tonyblog.de\/index.php?rest_route=\/wp\/v2\/posts"}],"about":[{"href":"https:\/\/tino-in-joburg.tonyblog.de\/index.php?rest_route=\/wp\/v2\/types\/post"}],"author":[{"embeddable":true,"href":"https:\/\/tino-in-joburg.tonyblog.de\/index.php?rest_route=\/wp\/v2\/users\/1"}],"replies":[{"embeddable":true,"href":"https:\/\/tino-in-joburg.tonyblog.de\/index.php?rest_route=%2Fwp%2Fv2%2Fcomments&post=3452793"}],"version-history":[{"count":0,"href":"https:\/\/tino-in-joburg.tonyblog.de\/index.php?rest_route=\/wp\/v2\/posts\/3452793\/revisions"}],"wp:attachment":[{"href":"https:\/\/tino-in-joburg.tonyblog.de\/index.php?rest_route=%2Fwp%2Fv2%2Fmedia&parent=3452793"}],"wp:term":[{"taxonomy":"category","embeddable":true,"href":"https:\/\/tino-in-joburg.tonyblog.de\/index.php?rest_route=%2Fwp%2Fv2%2Fcategories&post=3452793"},{"taxonomy":"post_tag","embeddable":true,"href":"https:\/\/tino-in-joburg.tonyblog.de\/index.php?rest_route=%2Fwp%2Fv2%2Ftags&post=3452793"}],"curies":[{"name":"wp","href":"https:\/\/api.w.org\/{rel}","templated":true}]}}