{"id":2983360,"date":"2007-09-15T10:13:34","date_gmt":"2007-09-15T10:13:34","guid":{"rendered":"http:\/\/tino-in-joburg.tonyblog.de\/?p=2983360"},"modified":"2007-09-15T10:13:34","modified_gmt":"2007-09-15T10:13:34","slug":"unsere_arme_bundeswehr2983360","status":"publish","type":"post","link":"https:\/\/tino-in-joburg.tonyblog.de\/?p=2983360","title":{"rendered":"Unsere arme Bundeswehr &#8230;"},"content":{"rendered":"<p>Obwohl es nicht zum Thema dieses Blogs passt, m\u00f6chte ich Euch doch nicht um die Meldung bringen, die ich soeben im Spiegel gefunden habe:<\/p>\n<p>&#8222;J\u00fcrgen Koppelin, 61, Haush\u00e4lter und Parlamentarischer Gesch\u00e4ftsf\u00fchrer der FDP-Bundestagsfraktion, konnte sich vorherige Woche pers\u00f6nlich davon \u00fcberzeugen, wie akkurat das Bundesverteidigungsministerium wirtschaftet. Ein Gefreiter, korrekt in Luftwaffenuniform, hatte dem Liberalen zwei Etatpapiere aus dem Ministerium \u00fcbergeben, die mit einer B\u00fcroklammer (Modell: verchromt, einfach) zusammengef\u00fcgt war. Nachdem Koppelin wunschgem\u00e4\u00df den Empfang der Unterlagen per Unterschrift quittiert hatte, bat der Soldat h\u00f6flich, aber bestimmt: &#8222;Die B\u00fcroklammer muss ich bitte zur\u00fcckhaben.&#8220; Der Abgeordnete stutzte und f\u00fcgte sich. Anschlie\u00dfend lobte Koppelin in einem Brief an Ressortchef Franz Josef Jung ausdr\u00fccklich &#8222;die Sparsamkeit und den sorgf\u00e4ltigen Umgang mit B\u00fcroklammern&#8220;. Geschenkehalber steckte der FDP-Mann noch zehn B\u00fcroklammern in den Umschlag und bot weitere Lieferungen im Falle gro\u00dfen Mangels an. Jetzt erw\u00e4gt Koppelin eine fraktions\u00fcbergreifende Initiative, um eine m\u00f6gliche &#8222;Klammer-Krise im Wehrressort&#8220; abzuwenden: &#8222;Wenn jeder der 613 Bundestagsabgeordnetn nur 10 B\u00fcroklammern stiftete, m\u00fcsste das Ministerium doch wenigstens eine Woche damit auskommen.&#8220; (Aus: Spiegel 36\/ 2000, S. 193.)<\/p>\n<p>Mmmmh &#8230; ein bisschen passt es doch zum Thema des Blogs. Wir haben n\u00e4mlich in der Standard Bank spezielle Tage, an denen B\u00fcromaterialien herausgegeben werden. Versagt zwischenzeitlich der Kugelschreiber oder geht der Blog zu Ende, hat man eben Pech gehabt. \ud83d\ude09<\/p>\n","protected":false},"excerpt":{"rendered":"<p>Obwohl es nicht zum Thema dieses Blogs passt, m\u00f6chte ich Euch doch nicht um die Meldung bringen, die ich soeben im Spiegel gefunden habe: &#8222;J\u00fcrgen Koppelin, 61, Haush\u00e4lter und Parlamentarischer Gesch\u00e4ftsf\u00fchrer der FDP-Bundestagsfraktion, konnte sich vorherige Woche pers\u00f6nlich davon \u00fcberzeugen, wie akkurat das Bundesverteidigungsministerium wirtschaftet. Ein Gefreiter, korrekt in Luftwaffenuniform, hatte dem Liberalen zwei Etatpapiere aus dem Ministerium \u00fcbergeben, die<\/p>\n","protected":false},"author":1,"featured_media":0,"comment_status":"open","ping_status":"open","sticky":false,"template":"","format":"standard","meta":{"footnotes":""},"categories":[1],"tags":[],"class_list":["post-2983360","post","type-post","status-publish","format-standard","hentry","category-uncategorized"],"_links":{"self":[{"href":"https:\/\/tino-in-joburg.tonyblog.de\/index.php?rest_route=\/wp\/v2\/posts\/2983360","targetHints":{"allow":["GET"]}}],"collection":[{"href":"https:\/\/tino-in-joburg.tonyblog.de\/index.php?rest_route=\/wp\/v2\/posts"}],"about":[{"href":"https:\/\/tino-in-joburg.tonyblog.de\/index.php?rest_route=\/wp\/v2\/types\/post"}],"author":[{"embeddable":true,"href":"https:\/\/tino-in-joburg.tonyblog.de\/index.php?rest_route=\/wp\/v2\/users\/1"}],"replies":[{"embeddable":true,"href":"https:\/\/tino-in-joburg.tonyblog.de\/index.php?rest_route=%2Fwp%2Fv2%2Fcomments&post=2983360"}],"version-history":[{"count":0,"href":"https:\/\/tino-in-joburg.tonyblog.de\/index.php?rest_route=\/wp\/v2\/posts\/2983360\/revisions"}],"wp:attachment":[{"href":"https:\/\/tino-in-joburg.tonyblog.de\/index.php?rest_route=%2Fwp%2Fv2%2Fmedia&parent=2983360"}],"wp:term":[{"taxonomy":"category","embeddable":true,"href":"https:\/\/tino-in-joburg.tonyblog.de\/index.php?rest_route=%2Fwp%2Fv2%2Fcategories&post=2983360"},{"taxonomy":"post_tag","embeddable":true,"href":"https:\/\/tino-in-joburg.tonyblog.de\/index.php?rest_route=%2Fwp%2Fv2%2Ftags&post=2983360"}],"curies":[{"name":"wp","href":"https:\/\/api.w.org\/{rel}","templated":true}]}}