{"id":2659781,"date":"2007-07-18T19:17:30","date_gmt":"2007-07-18T19:17:30","guid":{"rendered":"http:\/\/tino-in-joburg.tonyblog.de\/?p=2659781"},"modified":"2007-07-18T19:17:30","modified_gmt":"2007-07-18T19:17:30","slug":"mandela_s_geburtstag2659781","status":"publish","type":"post","link":"https:\/\/tino-in-joburg.tonyblog.de\/?p=2659781","title":{"rendered":"Mandela&#8217;s Geburtstag &#8230;"},"content":{"rendered":"<p>Das ist schon toll &#8230; Mandela, erster frei von allen gew\u00e4hlter Pr\u00e4sident S\u00fcdafrikas, feierte heute seinen 89. Geburtstag und niemanden interessierts! In der Zeitung konnte man zwar lesen, wer ihm alles gratuliert hatte, aber das war es dann auch schon. Ich hatte ja wenigstens damit gerechnet, dass wir heute frei bekommen &#8230; aber dem war leider nicht so \ud83d\ude09<\/p>\n","protected":false},"excerpt":{"rendered":"<p>Das ist schon toll &#8230; Mandela, erster frei von allen gew\u00e4hlter Pr\u00e4sident S\u00fcdafrikas, feierte heute seinen 89. Geburtstag und niemanden interessierts! In der Zeitung konnte man zwar lesen, wer ihm alles gratuliert hatte, aber das war es dann auch schon. Ich hatte ja wenigstens damit gerechnet, dass wir heute frei bekommen &#8230; aber dem war leider nicht so \ud83d\ude09<\/p>\n","protected":false},"author":1,"featured_media":0,"comment_status":"open","ping_status":"open","sticky":false,"template":"","format":"standard","meta":{"footnotes":""},"categories":[1],"tags":[],"class_list":["post-2659781","post","type-post","status-publish","format-standard","hentry","category-uncategorized"],"_links":{"self":[{"href":"https:\/\/tino-in-joburg.tonyblog.de\/index.php?rest_route=\/wp\/v2\/posts\/2659781","targetHints":{"allow":["GET"]}}],"collection":[{"href":"https:\/\/tino-in-joburg.tonyblog.de\/index.php?rest_route=\/wp\/v2\/posts"}],"about":[{"href":"https:\/\/tino-in-joburg.tonyblog.de\/index.php?rest_route=\/wp\/v2\/types\/post"}],"author":[{"embeddable":true,"href":"https:\/\/tino-in-joburg.tonyblog.de\/index.php?rest_route=\/wp\/v2\/users\/1"}],"replies":[{"embeddable":true,"href":"https:\/\/tino-in-joburg.tonyblog.de\/index.php?rest_route=%2Fwp%2Fv2%2Fcomments&post=2659781"}],"version-history":[{"count":0,"href":"https:\/\/tino-in-joburg.tonyblog.de\/index.php?rest_route=\/wp\/v2\/posts\/2659781\/revisions"}],"wp:attachment":[{"href":"https:\/\/tino-in-joburg.tonyblog.de\/index.php?rest_route=%2Fwp%2Fv2%2Fmedia&parent=2659781"}],"wp:term":[{"taxonomy":"category","embeddable":true,"href":"https:\/\/tino-in-joburg.tonyblog.de\/index.php?rest_route=%2Fwp%2Fv2%2Fcategories&post=2659781"},{"taxonomy":"post_tag","embeddable":true,"href":"https:\/\/tino-in-joburg.tonyblog.de\/index.php?rest_route=%2Fwp%2Fv2%2Ftags&post=2659781"}],"curies":[{"name":"wp","href":"https:\/\/api.w.org\/{rel}","templated":true}]}}