{"id":1090289,"date":"2006-09-02T09:28:18","date_gmt":"2006-09-02T09:28:18","guid":{"rendered":"http:\/\/tino-in-joburg.tonyblog.de\/?p=1090289"},"modified":"2006-09-02T09:28:18","modified_gmt":"2006-09-02T09:28:18","slug":"happy_spring_day1090289","status":"publish","type":"post","link":"https:\/\/tino-in-joburg.tonyblog.de\/?p=1090289","title":{"rendered":"Happy Spring Day!"},"content":{"rendered":"<p>Hier unten ist alles anders. Der Mond steht auf dem Kopf, der Strudel im Waschbecken bewegt sich mit dem Uhrzeigersinn (Anm. d. V.: das stimmt nat\u00fcrlich nicht. Der Strudel bewegt sich genauso wie bei uns in Europa) und die Sonne steht im Norden. Im August ist tiefster Winter und ab September beginnt der Fr\u00fchling. Und weil mit dem Fr\u00fchling endlich die Temperaturen wieder ansteigen, wird an jedem ersten September im Jahr der Spring Day gefeiert. Dieser ist ungef\u00e4hr mit unserem Karneval zu vergleichen, nur sind die Leute hier noch einen Tick verr\u00fcckter.<\/p>\n<p>Bereits am Donnerstag wurden im B\u00fcro Masken verkauft, die man sich am Freitag aufsetzen konnte. Eine Kollegin steckte mir im Vorbeigehen zu, am Freitag nicht so aufgebrezelt zur Arbeit zu erscheinen. Man kann ruhig ein T-Shirt anziehen, welches etwas farbenfroher als sonst ist. Ich hatte schon eine Idee. Gott sei Dank hatte ich n\u00e4mlich mein &#8222;Leipzig 2012&#8220;-T-Shirt eingepackt. Und dieses ist nun mal rot. Was ist denn farbenfroher als ein rotes T-Shirt.<\/p>\n<p>Also machte ich mich am Freitag auf die Spur. Bereits beim Eintritt ins B\u00fcro wurde ich mit einem &#8222;Happy Spring Day&#8220; begr\u00fc\u00dft und bekam einen Lutscher in die Hand gedr\u00fcckt. Einige Kollegen hatten Kost\u00fcme an und Federn auf dem Kopf. Gegen 9:00 Uhr begann dann die kleine Feier im B\u00fcro. Man konnte sich an Mumphins bedienen und sogar einen kleinen Schluck aus dem Cocktailkanister nehmen. Nach einigen kleinen Smalltalks kam es noch zur Verleihung des besten Kost\u00fcms und danach ging man wieder an sein Tagwerk.<\/p>\n<p>Alles im Allen aber ein sehr sch\u00f6ner Brauch, den man leider bei uns in Deutschland nicht feiern kann, da im September bekanntlich der Herbst beginnt. Und &#8222;Herbsttag&#8220; klingt im Deutschen ja auch nach nichts.<\/p>\n<p>\u00dcbrigens wurde ich am gestrigen Tage des \u00d6fteren angesprochen, wer denn der Herr Leipzig sei. Nachdem ich erkl\u00e4rt hatte, dass es sich hierbei um eine Stadt handelt, die sich um die Olympischen Spiele beworben hatte und leider gescheitert ist, hatte ich von jedem tiefstes Bedauern entgegengenommen. Einige meinten sogar, dass sie Leipzig als Olympiastadt gew\u00e4hlt h\u00e4tten. Ich glaube aber insgeheim daran, dass es jede andere Stadt auf diesemm Erdball h\u00e4tte sein k\u00f6nnen &#8230; blo\u00df nicht London. Da sind die Leute hier unten irgendwie ein wenig eigen. ich wei\u00df auch nicht.<\/p>\n<p>Auf jeden Fall w\u00fcnsche ich Euch allen ein sch\u00f6nes Wochenende und viele Gr\u00fc\u00dfe<\/p>\n<p>Euer Tino <\/p>\n","protected":false},"excerpt":{"rendered":"<p>Hier unten ist alles anders. Der Mond steht auf dem Kopf, der Strudel im Waschbecken bewegt sich mit dem Uhrzeigersinn (Anm. d. V.: das stimmt nat\u00fcrlich nicht. Der Strudel bewegt sich genauso wie bei uns in Europa) und die Sonne steht im Norden. Im August ist tiefster Winter und ab September beginnt der Fr\u00fchling. Und weil mit dem Fr\u00fchling endlich<\/p>\n","protected":false},"author":1,"featured_media":0,"comment_status":"open","ping_status":"open","sticky":false,"template":"","format":"standard","meta":{"footnotes":""},"categories":[1],"tags":[],"class_list":["post-1090289","post","type-post","status-publish","format-standard","hentry","category-uncategorized"],"_links":{"self":[{"href":"https:\/\/tino-in-joburg.tonyblog.de\/index.php?rest_route=\/wp\/v2\/posts\/1090289","targetHints":{"allow":["GET"]}}],"collection":[{"href":"https:\/\/tino-in-joburg.tonyblog.de\/index.php?rest_route=\/wp\/v2\/posts"}],"about":[{"href":"https:\/\/tino-in-joburg.tonyblog.de\/index.php?rest_route=\/wp\/v2\/types\/post"}],"author":[{"embeddable":true,"href":"https:\/\/tino-in-joburg.tonyblog.de\/index.php?rest_route=\/wp\/v2\/users\/1"}],"replies":[{"embeddable":true,"href":"https:\/\/tino-in-joburg.tonyblog.de\/index.php?rest_route=%2Fwp%2Fv2%2Fcomments&post=1090289"}],"version-history":[{"count":0,"href":"https:\/\/tino-in-joburg.tonyblog.de\/index.php?rest_route=\/wp\/v2\/posts\/1090289\/revisions"}],"wp:attachment":[{"href":"https:\/\/tino-in-joburg.tonyblog.de\/index.php?rest_route=%2Fwp%2Fv2%2Fmedia&parent=1090289"}],"wp:term":[{"taxonomy":"category","embeddable":true,"href":"https:\/\/tino-in-joburg.tonyblog.de\/index.php?rest_route=%2Fwp%2Fv2%2Fcategories&post=1090289"},{"taxonomy":"post_tag","embeddable":true,"href":"https:\/\/tino-in-joburg.tonyblog.de\/index.php?rest_route=%2Fwp%2Fv2%2Ftags&post=1090289"}],"curies":[{"name":"wp","href":"https:\/\/api.w.org\/{rel}","templated":true}]}}